{"id":271,"date":"2024-10-29T21:39:00","date_gmt":"2024-10-29T21:39:00","guid":{"rendered":"https:\/\/www.mesemrom.org\/newsletter\/?p=271"},"modified":"2025-07-20T22:13:10","modified_gmt":"2025-07-20T22:13:10","slug":"newsletter-2023","status":"publish","type":"post","link":"https:\/\/www.mesemrom.org\/newsletter\/newsletter-2023\/","title":{"rendered":"Newsletter 2023"},"content":{"rendered":"\n<h2 class=\"wp-block-heading\">Commission culturelle<\/h2>\n\n\n\n<p>Nous avons eu le plaisir de reprendre notre cycle de conf\u00e9rences et avons \u00e9t\u00e9 fiers d&rsquo;accueillir des intervenants d&rsquo;exception :<\/p>\n\n\n\n<p>Claire Auzias, \u00e0 l&rsquo;occasion de la republication de \u00ab Samudaripen \u00bb le 16 f\u00e9vrier 2023. Sa disparition cette ann\u00e9e nous a profond\u00e9ment boulevers\u00e9s et a rappel\u00e9 l&rsquo;importance de son \u0153uvre dans la m\u00e9moire collective.<\/p>\n\n\n\n<p>G\u00e9rard Gartner, qui a partag\u00e9 les multiples facettes de son personnage lors d&rsquo;une rencontre\/conf\u00e9rence le 30 mars 2023. Sa performance a ouvert des r\u00e9flexions sur les identit\u00e9s et les r\u00e9cits personnels.<\/p>\n\n\n\n<p>Maria Ursula Waser, t\u00e9moin directe, nous a parl\u00e9 les 9 juin 2023 des \u00ab Enfants de la Grand Route \u00bb, un programme de Pro Juventute qui, de 1926 \u00e0 1973, a s\u00e9par\u00e9 des enfants Y\u00e9niches de leurs familles. Dans une d\u00e9marche raciste visant \u00e0 \u00e9radiquer le nomadisme, ces enfants ont \u00e9t\u00e9 enlev\u00e9s pour \u00eatre plac\u00e9s dans des institutions, o\u00f9 beaucoup ont subi maltraitance et n\u00e9gligence.<\/p>\n\n\n\n<p>Dina Bazarbachi, le 29 f\u00e9vrier 2024, a abord\u00e9 les r\u00e9percussions d\u2019un arr\u00eat de la Cour europ\u00e9enne des droits de l\u2019homme qui a annul\u00e9 l\u2019interdiction de mendicit\u00e9 \u00e0 Gen\u00e8ve, en vigueur de 2008 \u00e0 2020. Malgr\u00e9 cette victoire, une nouvelle loi vot\u00e9e en ao\u00fbt 2022 a restreint la mendicit\u00e9 dans des zones commerciales et touristiques, ainsi qu\u2019autour des gares et des banques. L\u2019avocate Bazarbachi nous a expos\u00e9 les cons\u00e9quences de cette l\u00e9gislation sur les personnes en situation de pr\u00e9carit\u00e9.<\/p>\n\n\n\n<p>Nous avons \u00e9galement organis\u00e9 au Bateau Gen\u00e8ve une f\u00eate le 29 avril 2024, r\u00e9unissant Roms et Genevois autour des contes de Nouka Maximoff, suivie d\u2019un bal tzigane avec Ghita Vagabontu et le Balamuk Orchestra. Des Roms de Roumanie et d&rsquo;Ukraine ont particip\u00e9 \u00e0 cette belle soir\u00e9e, renfor\u00e7ant les liens entre nos communaut\u00e9s.<\/p>\n\n\n\n<p><img loading=\"lazy\" decoding=\"async\" width=\"600\" height=\"400\" class=\"wp-image-280\" style=\"width: 600px;\" src=\"https:\/\/www.mesemrom.org\/newsletter\/wp-content\/uploads\/2025\/07\/XH24137.jpg\" alt=\"\" srcset=\"https:\/\/www.mesemrom.org\/newsletter\/wp-content\/uploads\/2025\/07\/XH24137.jpg 800w, https:\/\/www.mesemrom.org\/newsletter\/wp-content\/uploads\/2025\/07\/XH24137-300x200.jpg 300w, https:\/\/www.mesemrom.org\/newsletter\/wp-content\/uploads\/2025\/07\/XH24137-768x512.jpg 768w\" sizes=\"auto, (max-width: 600px) 100vw, 600px\" \/><\/p>\n\n\n\n<p>photo \u00a9 Eric Roset<\/p>\n\n\n\n<p><img loading=\"lazy\" decoding=\"async\" width=\"600\" height=\"400\" class=\"wp-image-279\" style=\"width: 600px;\" src=\"https:\/\/www.mesemrom.org\/newsletter\/wp-content\/uploads\/2025\/07\/XH24032.jpg\" alt=\"\" srcset=\"https:\/\/www.mesemrom.org\/newsletter\/wp-content\/uploads\/2025\/07\/XH24032.jpg 900w, https:\/\/www.mesemrom.org\/newsletter\/wp-content\/uploads\/2025\/07\/XH24032-300x200.jpg 300w, https:\/\/www.mesemrom.org\/newsletter\/wp-content\/uploads\/2025\/07\/XH24032-768x512.jpg 768w\" sizes=\"auto, (max-width: 600px) 100vw, 600px\" \/><\/p>\n\n\n\n<p>photo \u00a9 Eric Roset<\/p>\n\n\n\n<p><img loading=\"lazy\" decoding=\"async\" width=\"600\" height=\"400\" class=\"wp-image-278\" style=\"width: 600px;\" src=\"https:\/\/www.mesemrom.org\/newsletter\/wp-content\/uploads\/2025\/07\/XH24025.jpg\" alt=\"\" srcset=\"https:\/\/www.mesemrom.org\/newsletter\/wp-content\/uploads\/2025\/07\/XH24025.jpg 900w, https:\/\/www.mesemrom.org\/newsletter\/wp-content\/uploads\/2025\/07\/XH24025-300x200.jpg 300w, https:\/\/www.mesemrom.org\/newsletter\/wp-content\/uploads\/2025\/07\/XH24025-768x512.jpg 768w\" sizes=\"auto, (max-width: 600px) 100vw, 600px\" \/><\/p>\n\n\n\n<p>photo \u00a9 Eric Roset<\/p>\n\n\n\n<p><img loading=\"lazy\" decoding=\"async\" width=\"600\" height=\"400\" class=\"wp-image-277\" style=\"width: 600px;\" src=\"https:\/\/www.mesemrom.org\/newsletter\/wp-content\/uploads\/2025\/07\/XH23993.jpg\" alt=\"\" srcset=\"https:\/\/www.mesemrom.org\/newsletter\/wp-content\/uploads\/2025\/07\/XH23993.jpg 900w, https:\/\/www.mesemrom.org\/newsletter\/wp-content\/uploads\/2025\/07\/XH23993-300x200.jpg 300w, https:\/\/www.mesemrom.org\/newsletter\/wp-content\/uploads\/2025\/07\/XH23993-768x512.jpg 768w\" sizes=\"auto, (max-width: 600px) 100vw, 600px\" \/><\/p>\n\n\n\n<p>photo \u00a9 Eric Roset<\/p>\n\n\n\n<p>Ces conf\u00e9rences et \u00e9v\u00e9nements ont constitu\u00e9 une plateforme essentielle pour aborder des enjeux contemporains et favoriser des \u00e9changes enrichissants au sein de notre communaut\u00e9. Nous vous remercions de votre participation \u00e0 ces moments de r\u00e9flexion collective.<\/p>\n\n\n\n<h2 class=\"wp-block-heading\">Commission sociale<\/h2>\n\n\n\n<p>Cette ann\u00e9e encore, nous avons essay\u00e9 d\u2019\u00eatre pr\u00e9sents sur le terrain, notamment aupr\u00e8s des personnes vivant \u00e0 la rue, en particulier \u00e0 Jonction, Plainpalais, Geisendorf et Saint-Jean. Nous avons distribu\u00e9 des tentes, des v\u00eatements, des couvertures, et pr\u00e9par\u00e9 des soupes pour les soutenir.<\/p>\n","protected":false},"excerpt":{"rendered":"<p>Commission culturelle Nous avons eu le plaisir de reprendre notre cycle de conf\u00e9rences et avons \u00e9t\u00e9 fiers d&rsquo;accueillir des intervenants d&rsquo;exception : Claire Auzias, \u00e0 l&rsquo;occasion de la republication de \u00ab Samudaripen \u00bb le 16 f\u00e9vrier 2023. Sa disparition cette ann\u00e9e nous a profond\u00e9ment boulevers\u00e9s et a rappel\u00e9 l&rsquo;importance de son \u0153uvre dans la m\u00e9moire [&hellip;]<\/p>\n","protected":false},"author":1,"featured_media":0,"comment_status":"closed","ping_status":"open","sticky":false,"template":"","format":"standard","meta":{"footnotes":""},"categories":[1],"tags":[],"class_list":["post-271","post","type-post","status-publish","format-standard","hentry","category-non-classe"],"_links":{"self":[{"href":"https:\/\/www.mesemrom.org\/newsletter\/wp-json\/wp\/v2\/posts\/271","targetHints":{"allow":["GET"]}}],"collection":[{"href":"https:\/\/www.mesemrom.org\/newsletter\/wp-json\/wp\/v2\/posts"}],"about":[{"href":"https:\/\/www.mesemrom.org\/newsletter\/wp-json\/wp\/v2\/types\/post"}],"author":[{"embeddable":true,"href":"https:\/\/www.mesemrom.org\/newsletter\/wp-json\/wp\/v2\/users\/1"}],"replies":[{"embeddable":true,"href":"https:\/\/www.mesemrom.org\/newsletter\/wp-json\/wp\/v2\/comments?post=271"}],"version-history":[{"count":2,"href":"https:\/\/www.mesemrom.org\/newsletter\/wp-json\/wp\/v2\/posts\/271\/revisions"}],"predecessor-version":[{"id":282,"href":"https:\/\/www.mesemrom.org\/newsletter\/wp-json\/wp\/v2\/posts\/271\/revisions\/282"}],"wp:attachment":[{"href":"https:\/\/www.mesemrom.org\/newsletter\/wp-json\/wp\/v2\/media?parent=271"}],"wp:term":[{"taxonomy":"category","embeddable":true,"href":"https:\/\/www.mesemrom.org\/newsletter\/wp-json\/wp\/v2\/categories?post=271"},{"taxonomy":"post_tag","embeddable":true,"href":"https:\/\/www.mesemrom.org\/newsletter\/wp-json\/wp\/v2\/tags?post=271"}],"curies":[{"name":"wp","href":"https:\/\/api.w.org\/{rel}","templated":true}]}}